{"id":1348,"date":"2020-08-18T23:30:31","date_gmt":"2020-08-18T21:30:31","guid":{"rendered":"https:\/\/blog.airbjorn.de\/?p=1348"},"modified":"2020-08-20T23:58:21","modified_gmt":"2020-08-20T21:58:21","slug":"wie-man-interessante-menschen-kennenlernt","status":"publish","type":"post","link":"https:\/\/blog.airbjorn.de\/?p=1348","title":{"rendered":"Wie man interessante Menschen kennenlernt"},"content":{"rendered":"<p>Kater Fritz kriegt noch ein paar Croissant-Kr\u00fcmel vor der Abfahrt und rollt sich dann scheinbar gedankenversunken auf der Couch ein.<\/p>\n<p><img loading=\"lazy\" decoding=\"async\" src=\"https:\/\/blog.airbjorn.de\/wp-content\/uploads\/2020\/08\/img_1471-scaled.jpg\" class=\"size-full wp-image-1350\" width=\"2560\" height=\"1920\" srcset=\"https:\/\/blog.airbjorn.de\/wp-content\/uploads\/2020\/08\/img_1471-300x225.jpg 300w, https:\/\/blog.airbjorn.de\/wp-content\/uploads\/2020\/08\/img_1471-307x230.jpg 307w, https:\/\/blog.airbjorn.de\/wp-content\/uploads\/2020\/08\/img_1471-768x576.jpg 768w, https:\/\/blog.airbjorn.de\/wp-content\/uploads\/2020\/08\/img_1471-1024x768.jpg 1024w, https:\/\/blog.airbjorn.de\/wp-content\/uploads\/2020\/08\/img_1471-1536x1152.jpg 1536w, https:\/\/blog.airbjorn.de\/wp-content\/uploads\/2020\/08\/img_1471-scaled.jpg 2560w\" sizes=\"auto, (max-width: 2560px) 100vw, 2560px\" \/><\/p>\n<p>Kurz hinter Jena wird das Fahren immer schwammiger. Im Hinterreifen entweicht wohl Luft. Flickzeug hab ich dabei, aber seit Jahren keinen Reifen mehr repariert. An einer schattigen Bank geparkt, geht das Flicken erstaunlich schnell. W\u00e4hrend der Panne lerne ich Andreas kennen, der selbst w\u00e4hrend seiner <a href=\"https:\/\/www.bluecontec.com\/blog\" rel=\"noopener noreferrer\" target=\"_blank\">Fahrrad-Tour in die entgegengesetzte Richtung einen Blog<\/a> schreibt &#8211; genauer gesagt einen Vlog. Es sind Video-Interviews zu Themen zur Nachhaltigkeit. Er ist in F\u00fcssen im Allg\u00e4u gestartet!<\/p>\n<p>Ein anderer Radfahrer bringt mich zu seinem Kompressor in der nahegelegenen G\u00e4rtnerei, so kann ich dem Reifen ordentlichen Druck verpassen. Ich bin begeistert von der Hilfsbereitschaft!<\/p>\n<p>F\u00fcr den n\u00e4chsten Tag ist S\u00fcdwest-Wind angesagt. Da sollte das Gel\u00e4nde der Leuchtenburg sch\u00f6n fliegbar sein. Daher bleibe ich dann in der N\u00e4he von Kahla. Im Leubengrund kann man gut n\u00e4chtigen &#8211; nur halt ohne Mobilfunkempfang und mit stotterndem WLAN.<\/p>\n<figure id=\"attachment_1351\" aria-describedby=\"caption-attachment-1351\" style=\"width: 2560px\" class=\"wp-caption alignnone\"><img loading=\"lazy\" decoding=\"async\" src=\"https:\/\/blog.airbjorn.de\/wp-content\/uploads\/2020\/08\/img_1475-scaled.jpg\" class=\"size-full wp-image-1351\" width=\"2560\" height=\"1920\" alt=\"Leuchtenburg\" srcset=\"https:\/\/blog.airbjorn.de\/wp-content\/uploads\/2020\/08\/img_1475-300x225.jpg 300w, https:\/\/blog.airbjorn.de\/wp-content\/uploads\/2020\/08\/img_1475-307x230.jpg 307w, https:\/\/blog.airbjorn.de\/wp-content\/uploads\/2020\/08\/img_1475-768x576.jpg 768w, https:\/\/blog.airbjorn.de\/wp-content\/uploads\/2020\/08\/img_1475-1024x768.jpg 1024w, https:\/\/blog.airbjorn.de\/wp-content\/uploads\/2020\/08\/img_1475-1536x1152.jpg 1536w, https:\/\/blog.airbjorn.de\/wp-content\/uploads\/2020\/08\/img_1475-scaled.jpg 2560w\" sizes=\"auto, (max-width: 2560px) 100vw, 2560px\" \/><figcaption id=\"caption-attachment-1351\" class=\"wp-caption-text\">Die Leuchtenburg aus der Ferne<\/figcaption><\/figure>\n<p><code><iframe loading=\"lazy\" src=\"https:\/\/www.komoot.de\/tour\/242333630\/embed?profile=1\" width=\"100%\" height=\"680\" frameborder=\"0\" scrolling=\"no\"><\/iframe><\/code><\/p>\n","protected":false},"excerpt":{"rendered":"<p>Kater Fritz kriegt noch ein paar Croissant-Kr\u00fcmel vor der Abfahrt und rollt sich dann scheinbar gedankenversunken auf der Couch ein. Kurz hinter Jena wird das Fahren immer schwammiger. Im Hinterreifen entweicht wohl Luft. Flickzeug hab ich dabei, aber seit Jahren keinen Reifen mehr repariert. An einer schattigen Bank geparkt, geht das Flicken erstaunlich schnell. W\u00e4hrend [&hellip;]<\/p>\n","protected":false},"author":1,"featured_media":0,"comment_status":"open","ping_status":"open","sticky":false,"template":"","format":"standard","meta":{"ngg_post_thumbnail":0,"footnotes":""},"categories":[1],"tags":[],"class_list":["post-1348","post","type-post","status-publish","format-standard","hentry","category-unterwegs"],"_links":{"self":[{"href":"https:\/\/blog.airbjorn.de\/index.php?rest_route=\/wp\/v2\/posts\/1348","targetHints":{"allow":["GET"]}}],"collection":[{"href":"https:\/\/blog.airbjorn.de\/index.php?rest_route=\/wp\/v2\/posts"}],"about":[{"href":"https:\/\/blog.airbjorn.de\/index.php?rest_route=\/wp\/v2\/types\/post"}],"author":[{"embeddable":true,"href":"https:\/\/blog.airbjorn.de\/index.php?rest_route=\/wp\/v2\/users\/1"}],"replies":[{"embeddable":true,"href":"https:\/\/blog.airbjorn.de\/index.php?rest_route=%2Fwp%2Fv2%2Fcomments&post=1348"}],"version-history":[{"count":6,"href":"https:\/\/blog.airbjorn.de\/index.php?rest_route=\/wp\/v2\/posts\/1348\/revisions"}],"predecessor-version":[{"id":1356,"href":"https:\/\/blog.airbjorn.de\/index.php?rest_route=\/wp\/v2\/posts\/1348\/revisions\/1356"}],"wp:attachment":[{"href":"https:\/\/blog.airbjorn.de\/index.php?rest_route=%2Fwp%2Fv2%2Fmedia&parent=1348"}],"wp:term":[{"taxonomy":"category","embeddable":true,"href":"https:\/\/blog.airbjorn.de\/index.php?rest_route=%2Fwp%2Fv2%2Fcategories&post=1348"},{"taxonomy":"post_tag","embeddable":true,"href":"https:\/\/blog.airbjorn.de\/index.php?rest_route=%2Fwp%2Fv2%2Ftags&post=1348"}],"curies":[{"name":"wp","href":"https:\/\/api.w.org\/{rel}","templated":true}]}}